{"id":34662,"date":"2026-08-28T11:11:43","date_gmt":"2026-08-28T11:11:43","guid":{"rendered":"https:\/\/www.estades.com\/en\/?post_type=actualite&#038;p=34662"},"modified":"2026-08-28T11:11:43","modified_gmt":"2026-08-28T11:11:43","slug":"exhibition-jean-pierre-maltese","status":"publish","type":"actualite","link":"https:\/\/www.estades.com\/en\/actualite\/exhibition-jean-pierre-maltese\/","title":{"rendered":"Exhibition Jean Pierre Maltese"},"excerpt":{"rendered":"<p># Jean-Pierre Maltese Exhibition at Ch\u00e2teau de Solli\u00e8s-Pont<\/p>\n<p>Galerie Estades is pleased to present a solo exhibition dedicated to Jean-Pierre Maltese, on view at the Ch\u00e2teau de Solli\u00e8s-Pont from September 2 to 20.<\/p>\n<p>Through a selection of paintings and mixed-media works, Jean-Pierre Maltese invites visitors into a world deeply influenced by the sea, boats and Mediterranean landscapes. His work also explores the hills and landscapes of Provence, with colour playing a central role. Through the interplay of landscape and material, the exhibition offers an insight into a richly nuanced artistic universe shaped by colour and light.<\/p>\n<p>Set within the distinctive surroundings of the Ch\u00e2teau de Solli\u00e8s-Pont, the exhibition provides an opportunity to encounter the artist\u2019s work in a setting full of character. Visitors are invited to take their time discovering his paintings, exploring the variety of techniques and colours, and experiencing his evocative visions of the sea and Provence.<\/p>\n<p>**Jean-Pierre Maltese Exhibition**<br \/>\nSeptember 2\u201320<br \/>\nCh\u00e2teau de Solli\u00e8s-Pont<br \/>\n1 rue de la R\u00e9publique \u2013 83210 Solli\u00e8s-Pont, France<\/p>\n<p>**Opening hours:** 10am\u201312pm and 2pm\u20135pm.<br \/>\nOn September 19 and 20, for the European Heritage Days: 9am\u201312pm and 1pm\u20135pm.<\/p>\n<p>A wonderful opportunity to discover or rediscover Jean-Pierre Maltese\u2019s artistic universe in the heart of Solli\u00e8s-Pont.<\/p>\n","protected":false},"featured_media":34663,"template":"","actualites_category":[13],"class_list":["post-34662","actualite","type-actualite","status-publish","has-post-thumbnail","hentry","actualites_category-exhibitions"],"aioseo_notices":[],"aioseo_head":"\n\t\t<!-- All in One SEO 5.0.0.1 - aioseo.com -->\n\t<meta name=\"description\" content=\"# Jean-Pierre Maltese Exhibition at Ch\u00e2teau de Solli\u00e8s-Pont Galerie Estades is pleased to present a solo exhibition dedicated to Jean-Pierre Maltese, on view at the Ch\u00e2teau de Solli\u00e8s-Pont from September 2 to 20. Through a selection of paintings and mixed-media works, Jean-Pierre Maltese invites visitors into a world deeply influenced by the sea, boats and Mediterranean landscapes. His work also explores the hills and landscapes of Provence, with colour playing a central role. Through the interplay of landscape and material, the exhibition offers an insight into a richly nuanced artistic universe shaped by colour and light. Set within the distinctive surroundings of the Ch\u00e2teau de Solli\u00e8s-Pont, the exhibition provides an opportunity to encounter the artist\u2019s work in a setting full of character. Visitors are invited to take their time discovering his paintings, exploring the variety of techniques and colours, and experiencing his evocative visions of the sea and Provence. **Jean-Pierre Maltese Exhibition** September 2\u201320 Ch\u00e2teau de Solli\u00e8s-Pont 1 rue de la R\u00e9publique \u2013 83210 Solli\u00e8s-Pont, France **Opening hours:** 10am\u201312pm and 2pm\u20135pm. On September 19 and 20, for the European Heritage Days: 9am\u201312pm and 1pm\u20135pm. A wonderful opportunity to discover or rediscover Jean-Pierre Maltese\u2019s artistic universe in the heart of Solli\u00e8s-Pont.\" \/>\n\t<meta name=\"robots\" content=\"max-image-preview:large\" \/>\n\t<link rel=\"canonical\" href=\"https:\/\/www.estades.com\/en\/actualite\/exhibition-jean-pierre-maltese\/\" \/>\n\t<meta name=\"generator\" content=\"All in One SEO (AIOSEO) 5.0.0.1\" \/>\n\t\t<meta property=\"og:locale\" content=\"en_GB\" \/>\n\t\t<meta property=\"og:site_name\" content=\"ESTADES Gallery -\" \/>\n\t\t<meta property=\"og:type\" content=\"article\" \/>\n\t\t<meta property=\"og:title\" content=\"Exhibition Jean Pierre Maltese - ESTADES Gallery\" \/>\n\t\t<meta property=\"og:description\" content=\"# Jean-Pierre Maltese Exhibition at Ch\u00e2teau de Solli\u00e8s-Pont Galerie Estades is pleased to present a solo exhibition dedicated to Jean-Pierre Maltese, on view at the Ch\u00e2teau de Solli\u00e8s-Pont from September 2 to 20. Through a selection of paintings and mixed-media works, Jean-Pierre Maltese invites visitors into a world deeply influenced by the sea, boats and Mediterranean landscapes. His work also explores the hills and landscapes of Provence, with colour playing a central role. Through the interplay of landscape and material, the exhibition offers an insight into a richly nuanced artistic universe shaped by colour and light. Set within the distinctive surroundings of the Ch\u00e2teau de Solli\u00e8s-Pont, the exhibition provides an opportunity to encounter the artist\u2019s work in a setting full of character. Visitors are invited to take their time discovering his paintings, exploring the variety of techniques and colours, and experiencing his evocative visions of the sea and Provence. **Jean-Pierre Maltese Exhibition** September 2\u201320 Ch\u00e2teau de Solli\u00e8s-Pont 1 rue de la R\u00e9publique \u2013 83210 Solli\u00e8s-Pont, France **Opening hours:** 10am\u201312pm and 2pm\u20135pm. On September 19 and 20, for the European Heritage Days: 9am\u201312pm and 1pm\u20135pm. A wonderful opportunity to discover or rediscover Jean-Pierre Maltese\u2019s artistic universe in the heart of Solli\u00e8s-Pont.\" \/>\n\t\t<meta property=\"og:url\" content=\"https:\/\/www.estades.com\/en\/actualite\/exhibition-jean-pierre-maltese\/\" \/>\n\t\t<meta property=\"article:published_time\" content=\"2026-08-28T11:11:43+00:00\" \/>\n\t\t<meta property=\"article:modified_time\" content=\"2026-08-28T11:11:43+00:00\" \/>\n\t\t<meta name=\"twitter:card\" content=\"summary_large_image\" \/>\n\t\t<meta name=\"twitter:title\" content=\"Exhibition Jean Pierre Maltese - ESTADES Gallery\" \/>\n\t\t<meta name=\"twitter:description\" content=\"# Jean-Pierre Maltese Exhibition at Ch\u00e2teau de Solli\u00e8s-Pont Galerie Estades is pleased to present a solo exhibition dedicated to Jean-Pierre Maltese, on view at the Ch\u00e2teau de Solli\u00e8s-Pont from September 2 to 20. Through a selection of paintings and mixed-media works, Jean-Pierre Maltese invites visitors into a world deeply influenced by the sea, boats and Mediterranean landscapes. His work also explores the hills and landscapes of Provence, with colour playing a central role. Through the interplay of landscape and material, the exhibition offers an insight into a richly nuanced artistic universe shaped by colour and light. Set within the distinctive surroundings of the Ch\u00e2teau de Solli\u00e8s-Pont, the exhibition provides an opportunity to encounter the artist\u2019s work in a setting full of character. Visitors are invited to take their time discovering his paintings, exploring the variety of techniques and colours, and experiencing his evocative visions of the sea and Provence. **Jean-Pierre Maltese Exhibition** September 2\u201320 Ch\u00e2teau de Solli\u00e8s-Pont 1 rue de la R\u00e9publique \u2013 83210 Solli\u00e8s-Pont, France **Opening hours:** 10am\u201312pm and 2pm\u20135pm. On September 19 and 20, for the European Heritage Days: 9am\u201312pm and 1pm\u20135pm. A wonderful opportunity to discover or rediscover Jean-Pierre Maltese\u2019s artistic universe in the heart of Solli\u00e8s-Pont.\" \/>\n\t\t<script type=\"application\/ld+json\" class=\"aioseo-schema\">\n\t\t\t{\"@context\":\"https:\\\/\\\/schema.org\",\"@graph\":[{\"@type\":\"BreadcrumbList\",\"@id\":\"https:\\\/\\\/www.estades.com\\\/en\\\/actualite\\\/exhibition-jean-pierre-maltese\\\/#breadcrumblist\",\"itemListElement\":[{\"@type\":\"ListItem\",\"@id\":\"https:\\\/\\\/www.estades.com\\\/en#listItem\",\"position\":1,\"name\":\"Home\",\"item\":\"https:\\\/\\\/www.estades.com\\\/en\",\"nextItem\":{\"@type\":\"ListItem\",\"@id\":\"https:\\\/\\\/www.estades.com\\\/en\\\/actualite\\\/#listItem\",\"name\":\"News\"}},{\"@type\":\"ListItem\",\"@id\":\"https:\\\/\\\/www.estades.com\\\/en\\\/actualite\\\/#listItem\",\"position\":2,\"name\":\"News\",\"item\":\"https:\\\/\\\/www.estades.com\\\/en\\\/actualite\\\/\",\"nextItem\":{\"@type\":\"ListItem\",\"@id\":\"https:\\\/\\\/www.estades.com\\\/en\\\/actualite-categorie\\\/exhibitions\\\/#listItem\",\"name\":\"Exhibitions\"},\"previousItem\":{\"@type\":\"ListItem\",\"@id\":\"https:\\\/\\\/www.estades.com\\\/en#listItem\",\"name\":\"Home\"}},{\"@type\":\"ListItem\",\"@id\":\"https:\\\/\\\/www.estades.com\\\/en\\\/actualite-categorie\\\/exhibitions\\\/#listItem\",\"position\":3,\"name\":\"Exhibitions\",\"item\":\"https:\\\/\\\/www.estades.com\\\/en\\\/actualite-categorie\\\/exhibitions\\\/\",\"nextItem\":{\"@type\":\"ListItem\",\"@id\":\"https:\\\/\\\/www.estades.com\\\/en\\\/actualite\\\/exhibition-jean-pierre-maltese\\\/#listItem\",\"name\":\"Exhibition Jean Pierre Maltese\"},\"previousItem\":{\"@type\":\"ListItem\",\"@id\":\"https:\\\/\\\/www.estades.com\\\/en\\\/actualite\\\/#listItem\",\"name\":\"News\"}},{\"@type\":\"ListItem\",\"@id\":\"https:\\\/\\\/www.estades.com\\\/en\\\/actualite\\\/exhibition-jean-pierre-maltese\\\/#listItem\",\"position\":4,\"name\":\"Exhibition Jean Pierre Maltese\",\"previousItem\":{\"@type\":\"ListItem\",\"@id\":\"https:\\\/\\\/www.estades.com\\\/en\\\/actualite-categorie\\\/exhibitions\\\/#listItem\",\"name\":\"Exhibitions\"}}]},{\"@type\":\"Organization\",\"@id\":\"https:\\\/\\\/www.estades.com\\\/en\\\/#organization\",\"name\":\"ESTADES Gallery\",\"url\":\"https:\\\/\\\/www.estades.com\\\/en\\\/\"},{\"@type\":\"WebPage\",\"@id\":\"https:\\\/\\\/www.estades.com\\\/en\\\/actualite\\\/exhibition-jean-pierre-maltese\\\/#webpage\",\"url\":\"https:\\\/\\\/www.estades.com\\\/en\\\/actualite\\\/exhibition-jean-pierre-maltese\\\/\",\"name\":\"Exhibition Jean Pierre Maltese - ESTADES Gallery\",\"description\":\"# Jean-Pierre Maltese Exhibition at Ch\\u00e2teau de Solli\\u00e8s-Pont Galerie Estades is pleased to present a solo exhibition dedicated to Jean-Pierre Maltese, on view at the Ch\\u00e2teau de Solli\\u00e8s-Pont from September 2 to 20. Through a selection of paintings and mixed-media works, Jean-Pierre Maltese invites visitors into a world deeply influenced by the sea, boats and Mediterranean landscapes. His work also explores the hills and landscapes of Provence, with colour playing a central role. Through the interplay of landscape and material, the exhibition offers an insight into a richly nuanced artistic universe shaped by colour and light. Set within the distinctive surroundings of the Ch\\u00e2teau de Solli\\u00e8s-Pont, the exhibition provides an opportunity to encounter the artist\\u2019s work in a setting full of character. Visitors are invited to take their time discovering his paintings, exploring the variety of techniques and colours, and experiencing his evocative visions of the sea and Provence. **Jean-Pierre Maltese Exhibition** September 2\\u201320 Ch\\u00e2teau de Solli\\u00e8s-Pont 1 rue de la R\\u00e9publique \\u2013 83210 Solli\\u00e8s-Pont, France **Opening hours:** 10am\\u201312pm and 2pm\\u20135pm. On September 19 and 20, for the European Heritage Days: 9am\\u201312pm and 1pm\\u20135pm. A wonderful opportunity to discover or rediscover Jean-Pierre Maltese\\u2019s artistic universe in the heart of Solli\\u00e8s-Pont.\",\"inLanguage\":\"en-GB\",\"isPartOf\":{\"@id\":\"https:\\\/\\\/www.estades.com\\\/en\\\/#website\"},\"breadcrumb\":{\"@id\":\"https:\\\/\\\/www.estades.com\\\/en\\\/actualite\\\/exhibition-jean-pierre-maltese\\\/#breadcrumblist\"},\"image\":{\"@type\":\"ImageObject\",\"url\":\"https:\\\/\\\/www.estades.com\\\/en\\\/wp-content\\\/uploads\\\/2026\\\/08\\\/Maltese-1.jpg\",\"@id\":\"https:\\\/\\\/www.estades.com\\\/en\\\/actualite\\\/exhibition-jean-pierre-maltese\\\/#mainImage\",\"width\":2000,\"height\":2000},\"primaryImageOfPage\":{\"@id\":\"https:\\\/\\\/www.estades.com\\\/en\\\/actualite\\\/exhibition-jean-pierre-maltese\\\/#mainImage\"},\"datePublished\":\"2026-08-28T11:11:43+00:00\",\"dateModified\":\"2026-08-28T11:11:43+00:00\"},{\"@type\":\"WebSite\",\"@id\":\"https:\\\/\\\/www.estades.com\\\/en\\\/#website\",\"url\":\"https:\\\/\\\/www.estades.com\\\/en\\\/\",\"name\":\"ESTADES Gallery\",\"inLanguage\":\"en-GB\",\"publisher\":{\"@id\":\"https:\\\/\\\/www.estades.com\\\/en\\\/#organization\"}}]}\n\t\t<\/script>\n\t\t<!-- All in One SEO -->\n\n","aioseo_head_json":{"title":"Exhibition Jean Pierre Maltese - ESTADES Gallery","description":"# Jean-Pierre Maltese Exhibition at Ch\u00e2teau de Solli\u00e8s-Pont Galerie Estades is pleased to present a solo exhibition dedicated to Jean-Pierre Maltese, on view at the Ch\u00e2teau de Solli\u00e8s-Pont from September 2 to 20. Through a selection of paintings and mixed-media works, Jean-Pierre Maltese invites visitors into a world deeply influenced by the sea, boats and Mediterranean landscapes. His work also explores the hills and landscapes of Provence, with colour playing a central role. Through the interplay of landscape and material, the exhibition offers an insight into a richly nuanced artistic universe shaped by colour and light. Set within the distinctive surroundings of the Ch\u00e2teau de Solli\u00e8s-Pont, the exhibition provides an opportunity to encounter the artist\u2019s work in a setting full of character. Visitors are invited to take their time discovering his paintings, exploring the variety of techniques and colours, and experiencing his evocative visions of the sea and Provence. **Jean-Pierre Maltese Exhibition** September 2\u201320 Ch\u00e2teau de Solli\u00e8s-Pont 1 rue de la R\u00e9publique \u2013 83210 Solli\u00e8s-Pont, France **Opening hours:** 10am\u201312pm and 2pm\u20135pm. On September 19 and 20, for the European Heritage Days: 9am\u201312pm and 1pm\u20135pm. A wonderful opportunity to discover or rediscover Jean-Pierre Maltese\u2019s artistic universe in the heart of Solli\u00e8s-Pont.","canonical_url":"https:\/\/www.estades.com\/en\/actualite\/exhibition-jean-pierre-maltese\/","robots":"max-image-preview:large","keywords":"","webmasterTools":{"miscellaneous":""},"schema":{"@context":"https:\/\/schema.org","@graph":[{"@type":"BreadcrumbList","@id":"https:\/\/www.estades.com\/en\/actualite\/exhibition-jean-pierre-maltese\/#breadcrumblist","itemListElement":[{"@type":"ListItem","@id":"https:\/\/www.estades.com\/en#listItem","position":1,"name":"Home","item":"https:\/\/www.estades.com\/en","nextItem":{"@type":"ListItem","@id":"https:\/\/www.estades.com\/en\/actualite\/#listItem","name":"News"}},{"@type":"ListItem","@id":"https:\/\/www.estades.com\/en\/actualite\/#listItem","position":2,"name":"News","item":"https:\/\/www.estades.com\/en\/actualite\/","nextItem":{"@type":"ListItem","@id":"https:\/\/www.estades.com\/en\/actualite-categorie\/exhibitions\/#listItem","name":"Exhibitions"},"previousItem":{"@type":"ListItem","@id":"https:\/\/www.estades.com\/en#listItem","name":"Home"}},{"@type":"ListItem","@id":"https:\/\/www.estades.com\/en\/actualite-categorie\/exhibitions\/#listItem","position":3,"name":"Exhibitions","item":"https:\/\/www.estades.com\/en\/actualite-categorie\/exhibitions\/","nextItem":{"@type":"ListItem","@id":"https:\/\/www.estades.com\/en\/actualite\/exhibition-jean-pierre-maltese\/#listItem","name":"Exhibition Jean Pierre Maltese"},"previousItem":{"@type":"ListItem","@id":"https:\/\/www.estades.com\/en\/actualite\/#listItem","name":"News"}},{"@type":"ListItem","@id":"https:\/\/www.estades.com\/en\/actualite\/exhibition-jean-pierre-maltese\/#listItem","position":4,"name":"Exhibition Jean Pierre Maltese","previousItem":{"@type":"ListItem","@id":"https:\/\/www.estades.com\/en\/actualite-categorie\/exhibitions\/#listItem","name":"Exhibitions"}}]},{"@type":"Organization","@id":"https:\/\/www.estades.com\/en\/#organization","name":"ESTADES Gallery","url":"https:\/\/www.estades.com\/en\/"},{"@type":"WebPage","@id":"https:\/\/www.estades.com\/en\/actualite\/exhibition-jean-pierre-maltese\/#webpage","url":"https:\/\/www.estades.com\/en\/actualite\/exhibition-jean-pierre-maltese\/","name":"Exhibition Jean Pierre Maltese - ESTADES Gallery","description":"# Jean-Pierre Maltese Exhibition at Ch\u00e2teau de Solli\u00e8s-Pont Galerie Estades is pleased to present a solo exhibition dedicated to Jean-Pierre Maltese, on view at the Ch\u00e2teau de Solli\u00e8s-Pont from September 2 to 20. Through a selection of paintings and mixed-media works, Jean-Pierre Maltese invites visitors into a world deeply influenced by the sea, boats and Mediterranean landscapes. His work also explores the hills and landscapes of Provence, with colour playing a central role. Through the interplay of landscape and material, the exhibition offers an insight into a richly nuanced artistic universe shaped by colour and light. Set within the distinctive surroundings of the Ch\u00e2teau de Solli\u00e8s-Pont, the exhibition provides an opportunity to encounter the artist\u2019s work in a setting full of character. Visitors are invited to take their time discovering his paintings, exploring the variety of techniques and colours, and experiencing his evocative visions of the sea and Provence. **Jean-Pierre Maltese Exhibition** September 2\u201320 Ch\u00e2teau de Solli\u00e8s-Pont 1 rue de la R\u00e9publique \u2013 83210 Solli\u00e8s-Pont, France **Opening hours:** 10am\u201312pm and 2pm\u20135pm. On September 19 and 20, for the European Heritage Days: 9am\u201312pm and 1pm\u20135pm. A wonderful opportunity to discover or rediscover Jean-Pierre Maltese\u2019s artistic universe in the heart of Solli\u00e8s-Pont.","inLanguage":"en-GB","isPartOf":{"@id":"https:\/\/www.estades.com\/en\/#website"},"breadcrumb":{"@id":"https:\/\/www.estades.com\/en\/actualite\/exhibition-jean-pierre-maltese\/#breadcrumblist"},"image":{"@type":"ImageObject","url":"https:\/\/www.estades.com\/en\/wp-content\/uploads\/2026\/08\/Maltese-1.jpg","@id":"https:\/\/www.estades.com\/en\/actualite\/exhibition-jean-pierre-maltese\/#mainImage","width":2000,"height":2000},"primaryImageOfPage":{"@id":"https:\/\/www.estades.com\/en\/actualite\/exhibition-jean-pierre-maltese\/#mainImage"},"datePublished":"2026-08-28T11:11:43+00:00","dateModified":"2026-08-28T11:11:43+00:00"},{"@type":"WebSite","@id":"https:\/\/www.estades.com\/en\/#website","url":"https:\/\/www.estades.com\/en\/","name":"ESTADES Gallery","inLanguage":"en-GB","publisher":{"@id":"https:\/\/www.estades.com\/en\/#organization"}}]},"og:locale":"en_GB","og:site_name":"ESTADES Gallery -","og:type":"article","og:title":"Exhibition Jean Pierre Maltese - ESTADES Gallery","og:description":"# Jean-Pierre Maltese Exhibition at Ch\u00e2teau de Solli\u00e8s-Pont Galerie Estades is pleased to present a solo exhibition dedicated to Jean-Pierre Maltese, on view at the Ch\u00e2teau de Solli\u00e8s-Pont from September 2 to 20. Through a selection of paintings and mixed-media works, Jean-Pierre Maltese invites visitors into a world deeply influenced by the sea, boats and Mediterranean landscapes. His work also explores the hills and landscapes of Provence, with colour playing a central role. Through the interplay of landscape and material, the exhibition offers an insight into a richly nuanced artistic universe shaped by colour and light. Set within the distinctive surroundings of the Ch\u00e2teau de Solli\u00e8s-Pont, the exhibition provides an opportunity to encounter the artist\u2019s work in a setting full of character. Visitors are invited to take their time discovering his paintings, exploring the variety of techniques and colours, and experiencing his evocative visions of the sea and Provence. **Jean-Pierre Maltese Exhibition** September 2\u201320 Ch\u00e2teau de Solli\u00e8s-Pont 1 rue de la R\u00e9publique \u2013 83210 Solli\u00e8s-Pont, France **Opening hours:** 10am\u201312pm and 2pm\u20135pm. On September 19 and 20, for the European Heritage Days: 9am\u201312pm and 1pm\u20135pm. A wonderful opportunity to discover or rediscover Jean-Pierre Maltese\u2019s artistic universe in the heart of Solli\u00e8s-Pont.","og:url":"https:\/\/www.estades.com\/en\/actualite\/exhibition-jean-pierre-maltese\/","article:published_time":"2026-08-28T11:11:43+00:00","article:modified_time":"2026-08-28T11:11:43+00:00","twitter:card":"summary_large_image","twitter:title":"Exhibition Jean Pierre Maltese - ESTADES Gallery","twitter:description":"# Jean-Pierre Maltese Exhibition at Ch\u00e2teau de Solli\u00e8s-Pont Galerie Estades is pleased to present a solo exhibition dedicated to Jean-Pierre Maltese, on view at the Ch\u00e2teau de Solli\u00e8s-Pont from September 2 to 20. Through a selection of paintings and mixed-media works, Jean-Pierre Maltese invites visitors into a world deeply influenced by the sea, boats and Mediterranean landscapes. His work also explores the hills and landscapes of Provence, with colour playing a central role. Through the interplay of landscape and material, the exhibition offers an insight into a richly nuanced artistic universe shaped by colour and light. Set within the distinctive surroundings of the Ch\u00e2teau de Solli\u00e8s-Pont, the exhibition provides an opportunity to encounter the artist\u2019s work in a setting full of character. Visitors are invited to take their time discovering his paintings, exploring the variety of techniques and colours, and experiencing his evocative visions of the sea and Provence. **Jean-Pierre Maltese Exhibition** September 2\u201320 Ch\u00e2teau de Solli\u00e8s-Pont 1 rue de la R\u00e9publique \u2013 83210 Solli\u00e8s-Pont, France **Opening hours:** 10am\u201312pm and 2pm\u20135pm. On September 19 and 20, for the European Heritage Days: 9am\u201312pm and 1pm\u20135pm. A wonderful opportunity to discover or rediscover Jean-Pierre Maltese\u2019s artistic universe in the heart of Solli\u00e8s-Pont."},"aioseo_meta_data":{"post_id":"34662","title":null,"description":null,"keywords":null,"keyphrases":{"focus":{"keyphrase":"","score":0,"analysis":{"keyphraseInTitle":{"score":0,"maxScore":9,"error":1}}},"additional":[]},"primary_term":null,"canonical_url":null,"og_title":null,"og_description":null,"og_object_type":"default","og_image_type":"default","og_image_url":null,"og_image_width":null,"og_image_height":null,"og_image_custom_url":null,"og_image_custom_fields":null,"og_video":"","og_custom_url":null,"og_article_section":null,"og_article_tags":null,"twitter_use_og":false,"twitter_card":"default","twitter_image_type":"default","twitter_image_url":null,"twitter_image_custom_url":null,"twitter_image_custom_fields":null,"twitter_title":null,"twitter_description":null,"schema":{"blockGraphs":[],"customGraphs":[],"default":{"data":{"Article":[],"Course":[],"Dataset":[],"FAQPage":[],"Movie":[],"Person":[],"Product":[],"ProductReview":[],"Car":[],"Recipe":[],"Service":[],"SoftwareApplication":[],"WebPage":[]},"graphName":"WebPage","isEnabled":true},"graphs":[]},"schema_type":"default","schema_type_options":null,"pillar_content":false,"robots_default":true,"robots_noindex":false,"robots_noarchive":false,"robots_nosnippet":false,"robots_nofollow":false,"robots_noimageindex":false,"robots_noodp":false,"robots_notranslate":false,"robots_max_snippet":"-1","robots_max_videopreview":"-1","robots_max_imagepreview":"large","priority":null,"frequency":"default","local_seo":null,"breadcrumb_settings":null,"limit_modified_date":false,"ai":{"faqs":[],"keyPoints":[],"schemas":[],"titles":[],"descriptions":[],"socialPosts":{"email":{"subject":"","preview":"","content":""},"linkedin":[],"twitter":[],"facebook":[],"instagram":[]}},"created":"2026-08-28 11:11:43","updated":"2026-08-31 07:27:26","focus_keyword":null,"additional_keywords":null,"truseo_locale":null,"seo_analyzer_scan_date":null},"aioseo_breadcrumb":"<div class=\"aioseo-breadcrumbs\"><span class=\"aioseo-breadcrumb\">\n\t\t\t<a href=\"https:\/\/www.estades.com\/en\" title=\"Home\">Home<\/a>\n\t\t<\/span><span class=\"aioseo-breadcrumb-separator\">&raquo;<\/span><span class=\"aioseo-breadcrumb\">\n\t\t\t<a href=\"https:\/\/www.estades.com\/en\/actualite\/\" title=\"News\">News<\/a>\n\t\t<\/span><span class=\"aioseo-breadcrumb-separator\">&raquo;<\/span><span class=\"aioseo-breadcrumb\">\n\t\t\t<a href=\"https:\/\/www.estades.com\/en\/actualite-categorie\/exhibitions\/\" title=\"Exhibitions\">Exhibitions<\/a>\n\t\t<\/span><span class=\"aioseo-breadcrumb-separator\">&raquo;<\/span><span class=\"aioseo-breadcrumb\">\n\t\t\tExhibition Jean Pierre Maltese\n\t\t<\/span><\/div>","aioseo_breadcrumb_json":[{"label":"Home","link":"https:\/\/www.estades.com\/en"},{"label":"News","link":"https:\/\/www.estades.com\/en\/actualite\/"},{"label":"Exhibitions","link":"https:\/\/www.estades.com\/en\/actualite-categorie\/exhibitions\/"},{"label":"Exhibition Jean Pierre Maltese","link":"https:\/\/www.estades.com\/en\/actualite\/exhibition-jean-pierre-maltese\/"}],"_links":{"self":[{"href":"https:\/\/www.estades.com\/en\/wp-json\/wp\/v2\/actualite\/34662","targetHints":{"allow":["GET"]}}],"collection":[{"href":"https:\/\/www.estades.com\/en\/wp-json\/wp\/v2\/actualite"}],"about":[{"href":"https:\/\/www.estades.com\/en\/wp-json\/wp\/v2\/types\/actualite"}],"wp:featuredmedia":[{"embeddable":true,"href":"https:\/\/www.estades.com\/en\/wp-json\/wp\/v2\/media\/34663"}],"wp:attachment":[{"href":"https:\/\/www.estades.com\/en\/wp-json\/wp\/v2\/media?parent=34662"}],"wp:term":[{"taxonomy":"actualites_category","embeddable":true,"href":"https:\/\/www.estades.com\/en\/wp-json\/wp\/v2\/actualites_category?post=34662"}],"curies":[{"name":"wp","href":"https:\/\/api.w.org\/{rel}","templated":true}]}}