{"id":2144,"date":"2014-07-01T13:21:07","date_gmt":"2014-07-01T12:21:07","guid":{"rendered":"http:\/\/www.estades.com\/?post_type=presse&amp;p=2144"},"modified":"2014-07-01T13:21:07","modified_gmt":"2014-07-01T12:21:07","slug":"maisons-et-decors-mediterranee-ete-2014","status":"publish","type":"presse","link":"https:\/\/www.estades.com\/en\/press\/maisons-et-decors-mediterranee-ete-2014\/","title":{"rendered":"Maisons et d\u00e9cors m\u00e9dit\u00e9rran\u00e9e  \u00e9t\u00e9 2014"},"content":{"rendered":"","protected":false},"featured_media":19412,"template":"","class_list":["post-2144","presse","type-presse","status-publish","has-post-thumbnail","hentry"],"aioseo_notices":[],"_links":{"self":[{"href":"https:\/\/www.estades.com\/en\/wp-json\/wp\/v2\/presse\/2144","targetHints":{"allow":["GET"]}}],"collection":[{"href":"https:\/\/www.estades.com\/en\/wp-json\/wp\/v2\/presse"}],"about":[{"href":"https:\/\/www.estades.com\/en\/wp-json\/wp\/v2\/types\/presse"}],"wp:featuredmedia":[{"embeddable":true,"href":"https:\/\/www.estades.com\/en\/wp-json\/wp\/v2\/media\/19412"}],"wp:attachment":[{"href":"https:\/\/www.estades.com\/en\/wp-json\/wp\/v2\/media?parent=2144"}],"curies":[{"name":"wp","href":"https:\/\/api.w.org\/{rel}","templated":true}]}}